{"id":242,"date":"2018-07-19T19:37:37","date_gmt":"2018-07-19T17:37:37","guid":{"rendered":"http:\/\/eradigitalyderecho.umh.es\/?p=242"},"modified":"2018-07-19T19:41:08","modified_gmt":"2018-07-19T17:41:08","slug":"el-profesor-alfonso-ortega-miembro-de-honor-de-la-academia-internacional-de-ciencias-tecnologia-educacion-y-humanidades","status":"publish","type":"post","link":"https:\/\/eradigitalyderecho.umh.es\/en\/2018\/07\/19\/el-profesor-alfonso-ortega-miembro-de-honor-de-la-academia-internacional-de-ciencias-tecnologia-educacion-y-humanidades\/","title":{"rendered":"<span lang=\"es\">(Espa\u00f1ol) El profesor Alfonso Ortega, miembro de honor de la Academia Internacional de Ciencias, Tecnolog\u00eda, Educaci\u00f3n y Humanidades<\/span>"},"content":{"rendered":"<p class=\"qtranxs-available-languages-message qtranxs-available-languages-message-en\">Sorry, this entry is only available in <a href=\"https:\/\/eradigitalyderecho.umh.es\/es\/wp-json\/wp\/v2\/posts\/242\" class=\"qtranxs-available-language-link qtranxs-available-language-link-es\" title=\"Espa\u00f1ol\">European Spanish<\/a>.<\/p>","protected":false},"excerpt":{"rendered":"<p>Sorry, this entry is only available in European Spanish.<\/p>\n","protected":false},"author":4223,"featured_media":0,"comment_status":"closed","ping_status":"open","sticky":false,"template":"","format":"standard","meta":{"_links_to":"","_links_to_target":""},"categories":[228],"tags":[],"_links":{"self":[{"href":"https:\/\/eradigitalyderecho.umh.es\/en\/wp-json\/wp\/v2\/posts\/242"}],"collection":[{"href":"https:\/\/eradigitalyderecho.umh.es\/en\/wp-json\/wp\/v2\/posts"}],"about":[{"href":"https:\/\/eradigitalyderecho.umh.es\/en\/wp-json\/wp\/v2\/types\/post"}],"author":[{"embeddable":true,"href":"https:\/\/eradigitalyderecho.umh.es\/en\/wp-json\/wp\/v2\/users\/4223"}],"replies":[{"embeddable":true,"href":"https:\/\/eradigitalyderecho.umh.es\/en\/wp-json\/wp\/v2\/comments?post=242"}],"version-history":[{"count":0,"href":"https:\/\/eradigitalyderecho.umh.es\/en\/wp-json\/wp\/v2\/posts\/242\/revisions"}],"wp:attachment":[{"href":"https:\/\/eradigitalyderecho.umh.es\/en\/wp-json\/wp\/v2\/media?parent=242"}],"wp:term":[{"taxonomy":"category","embeddable":true,"href":"https:\/\/eradigitalyderecho.umh.es\/en\/wp-json\/wp\/v2\/categories?post=242"},{"taxonomy":"post_tag","embeddable":true,"href":"https:\/\/eradigitalyderecho.umh.es\/en\/wp-json\/wp\/v2\/tags?post=242"}],"curies":[{"name":"wp","href":"https:\/\/api.w.org\/{rel}","templated":true}]}}