{"id":287,"date":"2018-09-26T12:01:04","date_gmt":"2018-09-26T10:01:04","guid":{"rendered":"http:\/\/eradigitalyderecho.umh.es\/?p=287"},"modified":"2018-09-28T10:55:02","modified_gmt":"2018-09-28T08:55:02","slug":"seminario-de-investigaciontrafico-digital-y-proteccion-de-datos-de-caracter-personal-entre-los-limites-y-las-cautelas-dirigido-a-profesores","status":"publish","type":"post","link":"https:\/\/eradigitalyderecho.umh.es\/en\/2018\/09\/26\/seminario-de-investigaciontrafico-digital-y-proteccion-de-datos-de-caracter-personal-entre-los-limites-y-las-cautelas-dirigido-a-profesores\/","title":{"rendered":"<span lang=\"es\">(Espa\u00f1ol) Seminario de investigaci\u00f3n:\u00abTr\u00e1fico Digital y Protecci\u00f3n de Datos de Car\u00e1cter Personal. Entre los l\u00edmites y las cautelas\u00bb Dirigido a profesores e investigadores<\/span>"},"content":{"rendered":"<p class=\"qtranxs-available-languages-message qtranxs-available-languages-message-en\">Sorry, this entry is only available in <a href=\"https:\/\/eradigitalyderecho.umh.es\/es\/wp-json\/wp\/v2\/posts\/287\" class=\"qtranxs-available-language-link qtranxs-available-language-link-es\" title=\"Espa\u00f1ol\">European Spanish<\/a>.<\/p>","protected":false},"excerpt":{"rendered":"<p>Sorry, this entry is only available in European Spanish.<\/p>\n","protected":false},"author":4223,"featured_media":0,"comment_status":"closed","ping_status":"open","sticky":false,"template":"","format":"standard","meta":{"_links_to":"","_links_to_target":""},"categories":[228],"tags":[],"_links":{"self":[{"href":"https:\/\/eradigitalyderecho.umh.es\/en\/wp-json\/wp\/v2\/posts\/287"}],"collection":[{"href":"https:\/\/eradigitalyderecho.umh.es\/en\/wp-json\/wp\/v2\/posts"}],"about":[{"href":"https:\/\/eradigitalyderecho.umh.es\/en\/wp-json\/wp\/v2\/types\/post"}],"author":[{"embeddable":true,"href":"https:\/\/eradigitalyderecho.umh.es\/en\/wp-json\/wp\/v2\/users\/4223"}],"replies":[{"embeddable":true,"href":"https:\/\/eradigitalyderecho.umh.es\/en\/wp-json\/wp\/v2\/comments?post=287"}],"version-history":[{"count":0,"href":"https:\/\/eradigitalyderecho.umh.es\/en\/wp-json\/wp\/v2\/posts\/287\/revisions"}],"wp:attachment":[{"href":"https:\/\/eradigitalyderecho.umh.es\/en\/wp-json\/wp\/v2\/media?parent=287"}],"wp:term":[{"taxonomy":"category","embeddable":true,"href":"https:\/\/eradigitalyderecho.umh.es\/en\/wp-json\/wp\/v2\/categories?post=287"},{"taxonomy":"post_tag","embeddable":true,"href":"https:\/\/eradigitalyderecho.umh.es\/en\/wp-json\/wp\/v2\/tags?post=287"}],"curies":[{"name":"wp","href":"https:\/\/api.w.org\/{rel}","templated":true}]}}